{"id":155,"date":"2020-06-25T13:32:00","date_gmt":"2020-06-25T13:32:00","guid":{"rendered":"http:\/\/alexandraarnobio.pt\/blog\/?p=155"},"modified":"2020-06-25T13:32:37","modified_gmt":"2020-06-25T13:32:37","slug":"o-que-e-o-upcycling","status":"publish","type":"post","link":"https:\/\/alexandraarnobio.pt\/blog\/2020\/06\/25\/o-que-e-o-upcycling\/","title":{"rendered":"O que \u00e9 o Upcycling?"},"content":{"rendered":"\n<figure class=\"wp-block-image size-large\"><img decoding=\"async\" loading=\"lazy\" width=\"960\" height=\"960\" src=\"http:\/\/alexandraarnobio.pt\/blog\/wp-content\/uploads\/2020\/06\/aquecedor-a-petroleo-luz.jpg\" alt=\"\" class=\"wp-image-156\" srcset=\"https:\/\/alexandraarnobio.pt\/blog\/wp-content\/uploads\/2020\/06\/aquecedor-a-petroleo-luz.jpg 960w, https:\/\/alexandraarnobio.pt\/blog\/wp-content\/uploads\/2020\/06\/aquecedor-a-petroleo-luz-300x300.jpg 300w, https:\/\/alexandraarnobio.pt\/blog\/wp-content\/uploads\/2020\/06\/aquecedor-a-petroleo-luz-150x150.jpg 150w, https:\/\/alexandraarnobio.pt\/blog\/wp-content\/uploads\/2020\/06\/aquecedor-a-petroleo-luz-768x768.jpg 768w, https:\/\/alexandraarnobio.pt\/blog\/wp-content\/uploads\/2020\/06\/aquecedor-a-petroleo-luz-320x320.jpg 320w, https:\/\/alexandraarnobio.pt\/blog\/wp-content\/uploads\/2020\/06\/aquecedor-a-petroleo-luz-640x640.jpg 640w, https:\/\/alexandraarnobio.pt\/blog\/wp-content\/uploads\/2020\/06\/aquecedor-a-petroleo-luz-360x360.jpg 360w, https:\/\/alexandraarnobio.pt\/blog\/wp-content\/uploads\/2020\/06\/aquecedor-a-petroleo-luz-720x720.jpg 720w, https:\/\/alexandraarnobio.pt\/blog\/wp-content\/uploads\/2020\/06\/aquecedor-a-petroleo-luz-800x800.jpg 800w, https:\/\/alexandraarnobio.pt\/blog\/wp-content\/uploads\/2020\/06\/aquecedor-a-petroleo-luz-830x830.jpg 830w, https:\/\/alexandraarnobio.pt\/blog\/wp-content\/uploads\/2020\/06\/aquecedor-a-petroleo-luz-230x230.jpg 230w\" sizes=\"(max-width: 960px) 100vw, 960px\" \/><figcaption>Era uma vez um aquecedor a petr\u00f3leo que se iluminou.<\/figcaption><\/figure>\n\n\n\n<p>Todas as hist\u00f3rias come\u00e7am por Era uma vez. A minha n\u00e3o foi diferente. Come\u00e7ou em 2007 quando por necessidade precisei de encontrar forma de transformar uma casa no meu lar. Tudo se pode aproveitar pensava eu. E assim quando algum amigo me dizia que j\u00e1 n\u00e3o queria umas mesas de cabe\u00e7eira ou um antigo toucador, eu pegava no carro para ir recolher o que viria a ser os m\u00f3veis, que ser\u00edam transformados e passarem a  habitar a minha casa. E foi assim que tudo come\u00e7ou. Transformei uma casa vazia num lar aconchegante. Mas reparem que em 2007 eu n\u00e3o sabia que fazia upcycling. O gosto pela decora\u00e7\u00e3o de interiores e a necessidade agu\u00e7aram o engenho. Eis o meu primeiro contacto com o mundo das ferramentas, das tintas, das lixas dos pregos, parafusos e afins. Sempre que precisava de saber alguma coisa, l\u00e1 \u00eda eu \u00e0 loja mais pr\u00f3xima e perguntava o que precisava de saber. Foi assim que fui apreendendo com a experi\u00eancia. Chega o ano de 2013 e abri a minha loja, claro que s\u00f3 podia ser uma loja onde o universo seriam objectos e roupa que j\u00e1 ningu\u00e9m queria. Assim nesse ano tive dois filhos para cuidar. Nasci a minha pequena Beatriz e a Flapper, uma loja que representava uma casa portuguesa com todos os objectos que possam imaginar e roupa seleccionada e de boa qualidade. Foi aqui que tomei contacto com o termo upcycling. Pois sem o saber, eu j\u00e1 usavava os res\u00edduos como recurso. Muitas vezes nem os chegava a transformar, s\u00f3 lhes dava uma nova fun\u00e7\u00e3o de forma intuitiva. Mas foi aqui, neste espa\u00e7o que era a minha segunda casa, que o upcycling come\u00e7ou a ganhar consci\u00eancia dentro de mim.<\/p>\n\n\n\n<p>Mas afinal o que \u00e9 isto do Upcycling? Quando me falaram eu fiquei desconfiada, e at\u00e9 cheguei a perguntar: Eu fa\u00e7o o qu\u00ea? Mas sim eu fazia upcycling, pois olhava para um res\u00edduo ou algum objecto que j\u00e1 n\u00e3o tinha sentido para ningu\u00e9m e dava-lhe uma nova vida.<\/p>\n\n\n\n<p>\u00c9 isso que \u00e9 upcycling, \u00e9 aproveitar o res\u00edduo como um recurso e transform\u00e1-lo, dando-lhe uma nova vida ou fun\u00e7\u00e3o.<\/p>\n\n\n\n<p>Em 2018 assumi definitivamente o upcycling como o meu prop\u00f3sito de vida. E para mim o upcycling \u00e9 muito mais do que aproveitar um res\u00edduo como um recurso. Upcycling \u00e9 uma forma de estar. Pois atrav\u00e9s deste conceito podemos transformar n\u00e3o s\u00f3 os res\u00edduos, mas a n\u00f3s mesmos. Foi o que aconteceu comigo. S\u00f3 tomei consci\u00eancia disso aqunado uma visita a uma empresa que gere res\u00edduos. Foi ai que percebi que tinha de fazer alguma coisa. Que havia um longo caminho a percorrer. Que era urgente alertar as pessoas para o que estavamos a fazer com a nossa casa. Assim eu nasci para o upcyling e o upcycling demonstrou-me todo o seu potencial. Arrega\u00e7ei as mangas e de alma e cora\u00e7\u00e3o mergulhei numa aventura de transforma\u00e7\u00e3o pessoal e profissional. Uma vontade enorme de partilhar com todos a urg\u00eancia de mudan\u00e7a e o que era este conceito que n\u00e3o \u00e9 novo, mas inovador para muitos, passei a organizar oficinas de upcycling, onde o mote  \u00e9 eliminar res\u00edduos atrav\u00e9s da imagina\u00e7\u00e3o. Mas como sou inquieta e quero sempre mais, e para mim nunca chega, pensei e se olharmos para o upcycling como motor de transforma\u00e7\u00e3o e inova\u00e7\u00e3o social. Sim era esse caminho que gostava de percorrer. Ou seja eliminar res\u00edduos e transformar pessoas, sempre com o objectivo do bem estar colectivo. \u00c9 urgente pensarmos em todos. \u00c9 necess\u00e1rio que o capitalismo seja inclusivo e que n\u00e3o provoque tantas desigualdades. Todos temos de ser agentes de mudan\u00e7a. Gostava de que o upcycling despertasse a vossa consci\u00eancia assim como despertou a minha. Antes que seja tarde vamos procurar caminhos mais sustent\u00e1veis, inclusivos e amigos do ambiente.<\/p>\n","protected":false},"excerpt":{"rendered":"<p>Todas as hist\u00f3rias come\u00e7am por Era uma vez. A minha n\u00e3o foi diferente. Come\u00e7ou em 2007 quando por necessidade precisei de encontrar forma de transformar uma casa no meu lar. Tudo se pode aproveitar pensava eu. E assim quando algum amigo me dizia que j\u00e1 n\u00e3o queria umas mesas de cabe\u00e7eira ou um antigo toucador, &#8230;.&nbsp;&nbsp;<a class=\" default\" href=\"https:\/\/alexandraarnobio.pt\/blog\/2020\/06\/25\/o-que-e-o-upcycling\/\">Read More<\/a><\/p>\n","protected":false},"author":1,"featured_media":0,"comment_status":"open","ping_status":"open","sticky":true,"template":"","format":"standard","meta":[],"categories":[1,3],"tags":[],"_links":{"self":[{"href":"https:\/\/alexandraarnobio.pt\/blog\/wp-json\/wp\/v2\/posts\/155"}],"collection":[{"href":"https:\/\/alexandraarnobio.pt\/blog\/wp-json\/wp\/v2\/posts"}],"about":[{"href":"https:\/\/alexandraarnobio.pt\/blog\/wp-json\/wp\/v2\/types\/post"}],"author":[{"embeddable":true,"href":"https:\/\/alexandraarnobio.pt\/blog\/wp-json\/wp\/v2\/users\/1"}],"replies":[{"embeddable":true,"href":"https:\/\/alexandraarnobio.pt\/blog\/wp-json\/wp\/v2\/comments?post=155"}],"version-history":[{"count":1,"href":"https:\/\/alexandraarnobio.pt\/blog\/wp-json\/wp\/v2\/posts\/155\/revisions"}],"predecessor-version":[{"id":157,"href":"https:\/\/alexandraarnobio.pt\/blog\/wp-json\/wp\/v2\/posts\/155\/revisions\/157"}],"wp:attachment":[{"href":"https:\/\/alexandraarnobio.pt\/blog\/wp-json\/wp\/v2\/media?parent=155"}],"wp:term":[{"taxonomy":"category","embeddable":true,"href":"https:\/\/alexandraarnobio.pt\/blog\/wp-json\/wp\/v2\/categories?post=155"},{"taxonomy":"post_tag","embeddable":true,"href":"https:\/\/alexandraarnobio.pt\/blog\/wp-json\/wp\/v2\/tags?post=155"}],"curies":[{"name":"wp","href":"https:\/\/api.w.org\/{rel}","templated":true}]}}