{"id":179,"date":"2020-10-16T11:40:07","date_gmt":"2020-10-16T11:40:07","guid":{"rendered":"http:\/\/alexandraarnobio.pt\/blog\/?p=179"},"modified":"2020-10-16T11:40:07","modified_gmt":"2020-10-16T11:40:07","slug":"sustentabilidade","status":"publish","type":"post","link":"https:\/\/alexandraarnobio.pt\/blog\/2020\/10\/16\/sustentabilidade\/","title":{"rendered":"Sustentabilidade"},"content":{"rendered":"\n<blockquote class=\"wp-block-quote\"><p>&#8220;Na Natureza, nada se cria, nada se perde, tudo se transforma&#8221; &#8211; Lavoisier<\/p><\/blockquote>\n\n\n\n<p>Bom Tarde, conforme anununciei nas redes sociais a partir de hoje todas as sextas-feiras \u00e9 dia de pensarmos o futuro aqui no blogue. Vamos pensar em quest\u00f5es e solu\u00e7\u00f5es que nos possam ajudar no mundo mais verde e humano.<\/p>\n\n\n\n<p>Antes de mais queria justificar a minha aus\u00eancia do blogue. Foi por uma quest\u00e3o de&#8221; sustentabilidade pessoal&#8221;. Tinha de pensar um pouco em mim e responder \u00e0s solicita\u00e7\u00f5es de trabalho que foram aparecendo para trabalhar o tema que hoje famos falar.<\/p>\n\n\n\n<p>Mas o que \u00e9 isto de Sustentabilidade? Porque \u00e9 que agora se vende tanto o conceito? Ser\u00e1 que de facto o praticamos ou \u00e9 s\u00f3 um &#8220;chav\u00e3o&#8221; bonito para ser utilizado, porque est\u00e1 na moda? <\/p>\n\n\n\n<p>Eu quando me afastei do blogue tentei ser sustent\u00e1vel comigo, n\u00e3o podia gastar mais energia do que a que tinha. Por isso tive de encontrar um caminho e solu\u00e7\u00f5es que me dessem espa\u00e7o para respirar e respondendo de uma forma &#8220;sustent\u00e1vel&#8221; \u00e0 pr\u00e1tica da sutentabilidade, passando o trocadilho.<\/p>\n\n\n\n<p>Mas vamos responder e analisar as quest\u00f5es acima. A sustentabibilidade pode ser definida como a capacidade de o ser humano interagir com o mundo, preservando o meio ambiente para n\u00e3o comprometer os recursos naturais das gera\u00e7\u00f5es futuras. O conceito de sustentabilidade \u00e9 complexo pois atende a um conjunto de vari\u00e1veis interdependentes, mas podemos dizer que deve ter a capacidade de integrar as quest\u00f5es sociais, energ\u00e9ticas, econ\u00f3micas e ambientais.<\/p>\n\n\n\n<p>Estas variantes s\u00e3o extremamente importantes para conseguirmos atingir um equilibrio entre elas e o meio envolvente.<\/p>\n\n\n\n<p>Assim a quest\u00e3o social \u00e9 talvez do nosso ponto de vista uma das mais importantes pois o ser humano tem de ser respeitar para poder respeitar a Natureza. Do ponto de vista da humanidade, n\u00f3s humanos somos a parte mais importante do ambiente.<\/p>\n\n\n\n<p>A variante energ\u00e9tica \u00e9 fundamental para o desenvolvimento econ\u00f3mico respons\u00e1vel, pois sem energia a economia tem dificuldades em desenvolver-se. E se a economia n\u00e3o cresce, as condi\u00e7\u00f5es de vida das sociedades ficam comprometidas. <\/p>\n\n\n\n<p> A quest\u00e3o ambiental e econ\u00f3mica s\u00e3o um grande desafio para todos n\u00f3s. Num ambiente destru\u00eddo e sem recursos naturais o homem n\u00e3o tem futuro e a economia fica estagnada. Mas eu pergunto-me, neste momento o crescimento econ\u00f3mico \u00e9 fundamental? J\u00e1 n\u00e3o crescemos o suficiente. N\u00e3o ser\u00e1 preciso repensar o modelo econ\u00f3mico em que vivemos para que o ambiente consiga sobrevier mais alguns anos?  <\/p>\n\n\n\n<p>Deixo-vos estas quest\u00f5es para pensarem durante o fim de semana. E tentarem encontrar solu\u00e7\u00f5es.<\/p>\n\n\n\n<p>Eu de uma forma muito humilde encontrei uma solu\u00e7\u00e3o de reduzir res\u00edduos e evitar polui\u00e7\u00e3o atrav\u00e9s do conceito de upcycling. Atrav\u00e9s das oficinas que vou realizando vou passando a mensagem que \u00e9 poss\u00edvel fazermos a diferen\u00e7a com pequenas mudan\u00e7as de atitudes e comprtamentos. S\u00f3 para ficarem com uma no\u00e7\u00e3o enquanto projecto o Alexandra Arn\u00f3bio conseguiu no \u00faltimo ano eliminar 466Kg de materias ou seja conseguiu evitar 346Kg de emiss\u00f5es CO2.<\/p>\n\n\n\n<p>Ser sustent\u00e1vel neste momento \u00e9 uma obriga\u00e7\u00e3o de todos n\u00f3s. Para sermos sustent\u00e1veis enquanto humanos \u00e9 necess\u00e1rio que o nosso comprotamento seja:<\/p>\n\n\n\n<ul><li>Ecologicamente correto.<\/li><li>Economicamente vi\u00e1vel.<\/li><li>Socialmente justo.<\/li><li>Culturalmente diverso.<\/li><\/ul>\n\n\n\n<p>No pr\u00f3ximo post no blogue vamos abordar outras quest\u00f5es sobre a sustentabilidade e como tra\u00e7ar um caminho para a alcan\u00e7ar.<\/p>\n\n\n\n<p>Vale a pena pensar nisto.<\/p>\n\n\n\n<p>Boas Transforma\u00e7\u00f5es neste fim-de semana.<\/p>\n","protected":false},"excerpt":{"rendered":"<p>&#8220;Na Natureza, nada se cria, nada se perde, tudo se transforma&#8221; &#8211; Lavoisier Bom Tarde, conforme anununciei nas redes sociais a partir de hoje todas as sextas-feiras \u00e9 dia de pensarmos o futuro aqui no blogue. Vamos pensar em quest\u00f5es e solu\u00e7\u00f5es que nos possam ajudar no mundo mais verde e humano. Antes de mais &#8230;.&nbsp;&nbsp;<a class=\" default\" href=\"https:\/\/alexandraarnobio.pt\/blog\/2020\/10\/16\/sustentabilidade\/\">Read More<\/a><\/p>\n","protected":false},"author":1,"featured_media":180,"comment_status":"open","ping_status":"open","sticky":true,"template":"","format":"standard","meta":[],"categories":[5],"tags":[],"_links":{"self":[{"href":"https:\/\/alexandraarnobio.pt\/blog\/wp-json\/wp\/v2\/posts\/179"}],"collection":[{"href":"https:\/\/alexandraarnobio.pt\/blog\/wp-json\/wp\/v2\/posts"}],"about":[{"href":"https:\/\/alexandraarnobio.pt\/blog\/wp-json\/wp\/v2\/types\/post"}],"author":[{"embeddable":true,"href":"https:\/\/alexandraarnobio.pt\/blog\/wp-json\/wp\/v2\/users\/1"}],"replies":[{"embeddable":true,"href":"https:\/\/alexandraarnobio.pt\/blog\/wp-json\/wp\/v2\/comments?post=179"}],"version-history":[{"count":1,"href":"https:\/\/alexandraarnobio.pt\/blog\/wp-json\/wp\/v2\/posts\/179\/revisions"}],"predecessor-version":[{"id":181,"href":"https:\/\/alexandraarnobio.pt\/blog\/wp-json\/wp\/v2\/posts\/179\/revisions\/181"}],"wp:featuredmedia":[{"embeddable":true,"href":"https:\/\/alexandraarnobio.pt\/blog\/wp-json\/wp\/v2\/media\/180"}],"wp:attachment":[{"href":"https:\/\/alexandraarnobio.pt\/blog\/wp-json\/wp\/v2\/media?parent=179"}],"wp:term":[{"taxonomy":"category","embeddable":true,"href":"https:\/\/alexandraarnobio.pt\/blog\/wp-json\/wp\/v2\/categories?post=179"},{"taxonomy":"post_tag","embeddable":true,"href":"https:\/\/alexandraarnobio.pt\/blog\/wp-json\/wp\/v2\/tags?post=179"}],"curies":[{"name":"wp","href":"https:\/\/api.w.org\/{rel}","templated":true}]}}