{"id":196,"date":"2020-11-13T10:28:42","date_gmt":"2020-11-13T10:28:42","guid":{"rendered":"http:\/\/alexandraarnobio.pt\/blog\/?p=196"},"modified":"2020-11-13T15:28:31","modified_gmt":"2020-11-13T15:28:31","slug":"lixo-invisivel","status":"publish","type":"post","link":"https:\/\/alexandraarnobio.pt\/blog\/2020\/11\/13\/lixo-invisivel\/","title":{"rendered":"Recursos Invis\u00edveis"},"content":{"rendered":"\n<p>Ol\u00e1, por que hoje \u00e9 sexta, \u00e9 dia de novo post no Blogue. Ser\u00e1 que sabes o que s\u00e3o Recursos Invis\u00edveis? Aproveita o recolher obrigat\u00f3rio para pensar na quest\u00e3o.<\/p>\n\n\n\n<p>N\u00f3s no ano passado participamos na Semana Europeia da Preven\u00e7\u00e3o do Res\u00edduo e este este ano n\u00e3o ser\u00e1 exce\u00e7\u00e3o.<\/p>\n\n\n\n<p>Durante a  semana de 21 a 29 de Novembro iremos abordar o tema dos Res\u00edduos Invis\u00edveis.<\/p>\n\n\n\n<p>Por isso decidimos deixar estes pequenos v\u00eddeos para podermos refletir sobre esta tem\u00e1tica durante o fim de semana.<\/p>\n\n\n\n<p>Boas transforma\u00e7\u00f5es!<\/p>\n\n\n\n<figure class=\"wp-block-embed-youtube wp-block-embed is-type-video is-provider-youtube wp-embed-aspect-16-9 wp-has-aspect-ratio\"><div class=\"wp-block-embed__wrapper\">\n<iframe loading=\"lazy\" title=\"EWWR 2020 - Invisible waste - Phone\" width=\"900\" height=\"506\" src=\"https:\/\/www.youtube.com\/embed\/A6qJPd9S2pY?feature=oembed\" frameborder=\"0\" allow=\"accelerometer; autoplay; clipboard-write; encrypted-media; gyroscope; picture-in-picture\" allowfullscreen><\/iframe>\n<\/div><\/figure>\n\n\n\n<figure class=\"wp-block-embed-youtube wp-block-embed is-type-video is-provider-youtube wp-embed-aspect-16-9 wp-has-aspect-ratio\"><div class=\"wp-block-embed__wrapper\">\n<iframe loading=\"lazy\" title=\"EWWR 2020 - Invisible waste - Jeans\" width=\"900\" height=\"506\" src=\"https:\/\/www.youtube.com\/embed\/ivUG546Fs_0?feature=oembed\" frameborder=\"0\" allow=\"accelerometer; autoplay; clipboard-write; encrypted-media; gyroscope; picture-in-picture\" allowfullscreen><\/iframe>\n<\/div><\/figure>\n","protected":false},"excerpt":{"rendered":"<p>Ol\u00e1, por que hoje \u00e9 sexta, \u00e9 dia de novo post no Blogue. Ser\u00e1 que sabes o que s\u00e3o Recursos Invis\u00edveis? Aproveita o recolher obrigat\u00f3rio para pensar na quest\u00e3o. N\u00f3s no ano passado participamos na Semana Europeia da Preven\u00e7\u00e3o do Res\u00edduo e este este ano n\u00e3o ser\u00e1 exce\u00e7\u00e3o. Durante a semana de 21 a 29 &#8230;.&nbsp;&nbsp;<a class=\" default\" href=\"https:\/\/alexandraarnobio.pt\/blog\/2020\/11\/13\/lixo-invisivel\/\">Read More<\/a><\/p>\n","protected":false},"author":1,"featured_media":0,"comment_status":"open","ping_status":"open","sticky":true,"template":"","format":"standard","meta":[],"categories":[5,3],"tags":[],"_links":{"self":[{"href":"https:\/\/alexandraarnobio.pt\/blog\/wp-json\/wp\/v2\/posts\/196"}],"collection":[{"href":"https:\/\/alexandraarnobio.pt\/blog\/wp-json\/wp\/v2\/posts"}],"about":[{"href":"https:\/\/alexandraarnobio.pt\/blog\/wp-json\/wp\/v2\/types\/post"}],"author":[{"embeddable":true,"href":"https:\/\/alexandraarnobio.pt\/blog\/wp-json\/wp\/v2\/users\/1"}],"replies":[{"embeddable":true,"href":"https:\/\/alexandraarnobio.pt\/blog\/wp-json\/wp\/v2\/comments?post=196"}],"version-history":[{"count":5,"href":"https:\/\/alexandraarnobio.pt\/blog\/wp-json\/wp\/v2\/posts\/196\/revisions"}],"predecessor-version":[{"id":202,"href":"https:\/\/alexandraarnobio.pt\/blog\/wp-json\/wp\/v2\/posts\/196\/revisions\/202"}],"wp:attachment":[{"href":"https:\/\/alexandraarnobio.pt\/blog\/wp-json\/wp\/v2\/media?parent=196"}],"wp:term":[{"taxonomy":"category","embeddable":true,"href":"https:\/\/alexandraarnobio.pt\/blog\/wp-json\/wp\/v2\/categories?post=196"},{"taxonomy":"post_tag","embeddable":true,"href":"https:\/\/alexandraarnobio.pt\/blog\/wp-json\/wp\/v2\/tags?post=196"}],"curies":[{"name":"wp","href":"https:\/\/api.w.org\/{rel}","templated":true}]}}