{"id":319,"date":"2021-10-29T16:05:19","date_gmt":"2021-10-29T16:05:19","guid":{"rendered":"https:\/\/alexandraarnobio.pt\/blog\/?p=319"},"modified":"2021-10-29T16:05:19","modified_gmt":"2021-10-29T16:05:19","slug":"caem-as-primeiras-chuvas","status":"publish","type":"post","link":"https:\/\/alexandraarnobio.pt\/blog\/2021\/10\/29\/caem-as-primeiras-chuvas\/","title":{"rendered":"Caem as primeiras Chuvas"},"content":{"rendered":"\n<div class=\"wp-block-image\"><figure class=\"aligncenter size-large is-resized\"><img decoding=\"async\" loading=\"lazy\" src=\"https:\/\/alexandraarnobio.pt\/blog\/wp-content\/uploads\/2021\/10\/Candeeiro-tronco-edited.jpg\" alt=\"\" class=\"wp-image-321\" width=\"608\" height=\"436\"\/><figcaption><strong>Era uma vez um res\u00edduo verde<\/strong><\/figcaption><\/figure><\/div>\n\n\n\n<p>Caem as primeiras chuvas de um Outono quente. T\u00e3o quente que as roupas mais invernais ainda est\u00e3o arrumadas nas gavetas. Sinais de tempos em mudan\u00e7a,onde o clima j\u00e1 n\u00e3o \u00e9 o que era. As esta\u00e7\u00f5es s\u00e3o quando calha. Temos Inverno no Ver\u00e3o e Ver\u00e3o no Inverno.<\/p>\n\n\n\n<p>O mundo est\u00e1 do avesso devido \u00e0s nossas ac\u00e7\u00f5es. Mas hoje Sexta-feira caem as primeiras chuvas de Outono e \u00e9 t\u00e3o bom sentir o cheiro da terra molhada, o vento mais frio a bater no rosto e saltar nas po\u00e7as de \u00e1gua como uma crian\u00e7a pingada.<\/p>\n\n\n\n<p>Caem as primeiras chuvas de Outono, o que significa que a Natureza se est\u00e1 a transformar. N\u00e3o morre, mas sim transforma-se. Com as primeiras chuvas, caem as folhas, s\u00e3o precisos troncos para acender a lareira. <\/p>\n\n\n\n<p>Caem as primeiras chuvas de Outono, e que bom que \u00e9 estar no sof\u00e1 com um bom livro e uma lareira a crepitar. A acompanhar o livro serve-se um ch\u00e1 bem quente, para aquecer a alma. Uma vez que o ambiente j\u00e1 est\u00e1 quente pelo lume.<\/p>\n\n\n\n<p>Caem as primeiras chuvas de Outono e dou comigo a pensar que vida poderei dar aos res\u00edduos que vieram do jardim? Ser\u00e1 que um troco s\u00f3 me serve para aquecer? Ser\u00e1? &#8230;<\/p>\n\n\n\n<p>Penso que n\u00e3o. Da\u00ed porque hoje \u00e9 Sexta-feira \u00e9 dia de nova receita de Upcycling aqui fica a nossa sugest\u00e3o para dar uma nova vida a um tronco.<\/p>\n\n\n\n<p>Ingredientes:<\/p>\n\n\n\n<ul><li>Tronco de uma \u00e1rvore cortado a gosto;<\/li><li>Berbequim;<\/li><li>Brocas de madeira;<\/li><li>Lixa para madeira;<\/li><li>Verniz a gosto para madeira;<\/li><li>Material el\u00e9ctrico: fio el\u00e9ctrico com interruptor e ficha; casquilho; l\u00e2mpada;<\/li><li>Alicate de corte;<\/li><li>Tesoura;<\/li><li>Chave de parafusos;<\/li><\/ul>\n\n\n\n<p>Modo de prepara\u00e7\u00e3o:<\/p>\n\n\n\n<ul><li>Depois de ter o tronco cortado pode ou n\u00e3o retirar a casca. Fica ao seu crit\u00e9rio. De seguida ter\u00e1 de limpar bem o troco e estudar a melhor maneira onde vai fazer os furos para que o fio el\u00e9ctrico passe.<\/li><li>Ap\u00f3s ter escolhido a posi\u00e7\u00e3o do tronco e onde vai ficar o casquilho, toca a fazer os furos. Ter\u00e1 de fazer dois furos no tronco. Um para o fio el\u00e9ctrico entrar e um outro furo para colocar o casquilho;<\/li><li>Poder\u00e1 ter alguma dificuldade para que o fio el\u00e9ctrico chegue at\u00e9 \u00e0 zona do casquilho. Para resolver o problema use o arame como se fosse um gancho para o ajudar a puxar o fio el\u00e9ctrico.<\/li><li>Feitos estes passos chegou a hora de electrificar. Simples com a ajuda do alicate cortar o fio de forma que se fique a ver os fios de cobre. Depois tem dois fios de cores diferentes um azul e outro castanho. <\/li><li>O passo a seguir \u00e9 s\u00f3 apertar os fios, o azul e o castanho no casquilho. Mas aten\u00e7\u00e3o que n\u00e3o se podem tocar sen\u00e3o a luz vai abaixo.<\/li><li>Coloca-se o casquilho no s\u00edtio e a respectiva l\u00e2mpada e voil\u00e1 fez-se luz. <\/li><\/ul>\n\n\n\n<p>Conforme a velha m\u00e1xima de Lavoisier na Natureza nada se cria, nada se perde, tudo se transforma.<\/p>\n\n\n\n<p> Caem as primeiras chuvas de Outono ,que o tronco vos encha a alma de luz e vos aque\u00e7a o cora\u00e7\u00e3o.<\/p>\n\n\n\n<p>Boas Transforma\u00e7\u00f5es.<\/p>\n\n\n\n<p>Bom fim de semana.<\/p>\n","protected":false},"excerpt":{"rendered":"<p>Caem as primeiras chuvas de um Outono quente. T\u00e3o quente que as roupas mais invernais ainda est\u00e3o arrumadas nas gavetas. Sinais de tempos em mudan\u00e7a,onde o clima j\u00e1 n\u00e3o \u00e9 o que era. As esta\u00e7\u00f5es s\u00e3o quando calha. Temos Inverno no Ver\u00e3o e Ver\u00e3o no Inverno. O mundo est\u00e1 do avesso devido \u00e0s nossas ac\u00e7\u00f5es. &#8230;.&nbsp;&nbsp;<a class=\" default\" href=\"https:\/\/alexandraarnobio.pt\/blog\/2021\/10\/29\/caem-as-primeiras-chuvas\/\">Read More<\/a><\/p>\n","protected":false},"author":1,"featured_media":0,"comment_status":"open","ping_status":"open","sticky":false,"template":"","format":"standard","meta":[],"categories":[1],"tags":[],"_links":{"self":[{"href":"https:\/\/alexandraarnobio.pt\/blog\/wp-json\/wp\/v2\/posts\/319"}],"collection":[{"href":"https:\/\/alexandraarnobio.pt\/blog\/wp-json\/wp\/v2\/posts"}],"about":[{"href":"https:\/\/alexandraarnobio.pt\/blog\/wp-json\/wp\/v2\/types\/post"}],"author":[{"embeddable":true,"href":"https:\/\/alexandraarnobio.pt\/blog\/wp-json\/wp\/v2\/users\/1"}],"replies":[{"embeddable":true,"href":"https:\/\/alexandraarnobio.pt\/blog\/wp-json\/wp\/v2\/comments?post=319"}],"version-history":[{"count":1,"href":"https:\/\/alexandraarnobio.pt\/blog\/wp-json\/wp\/v2\/posts\/319\/revisions"}],"predecessor-version":[{"id":322,"href":"https:\/\/alexandraarnobio.pt\/blog\/wp-json\/wp\/v2\/posts\/319\/revisions\/322"}],"wp:attachment":[{"href":"https:\/\/alexandraarnobio.pt\/blog\/wp-json\/wp\/v2\/media?parent=319"}],"wp:term":[{"taxonomy":"category","embeddable":true,"href":"https:\/\/alexandraarnobio.pt\/blog\/wp-json\/wp\/v2\/categories?post=319"},{"taxonomy":"post_tag","embeddable":true,"href":"https:\/\/alexandraarnobio.pt\/blog\/wp-json\/wp\/v2\/tags?post=319"}],"curies":[{"name":"wp","href":"https:\/\/api.w.org\/{rel}","templated":true}]}}