{"id":329,"date":"2021-11-12T15:58:20","date_gmt":"2021-11-12T15:58:20","guid":{"rendered":"https:\/\/alexandraarnobio.pt\/blog\/?p=329"},"modified":"2021-11-12T15:58:20","modified_gmt":"2021-11-12T15:58:20","slug":"ninguem-me-quer-porque-sera","status":"publish","type":"post","link":"https:\/\/alexandraarnobio.pt\/blog\/2021\/11\/12\/ninguem-me-quer-porque-sera\/","title":{"rendered":"Ningu\u00e9m me quer. Porque ser\u00e1?"},"content":{"rendered":"\n<figure class=\"is-layout-flex wp-block-gallery-1 wp-block-gallery columns-1 is-cropped\"><ul class=\"blocks-gallery-grid\"><li class=\"blocks-gallery-item\"><figure><img decoding=\"async\" loading=\"lazy\" width=\"1024\" height=\"768\" src=\"https:\/\/alexandraarnobio.pt\/blog\/wp-content\/uploads\/2021\/11\/IMG_20210330_163839-1024x768.jpg\" alt=\"\" data-id=\"330\" data-full-url=\"https:\/\/alexandraarnobio.pt\/blog\/wp-content\/uploads\/2021\/11\/IMG_20210330_163839-scaled.jpg\" data-link=\"https:\/\/alexandraarnobio.pt\/blog\/?attachment_id=330\" class=\"wp-image-330\" srcset=\"https:\/\/alexandraarnobio.pt\/blog\/wp-content\/uploads\/2021\/11\/IMG_20210330_163839-1024x768.jpg 1024w, https:\/\/alexandraarnobio.pt\/blog\/wp-content\/uploads\/2021\/11\/IMG_20210330_163839-300x225.jpg 300w, https:\/\/alexandraarnobio.pt\/blog\/wp-content\/uploads\/2021\/11\/IMG_20210330_163839-768x576.jpg 768w, https:\/\/alexandraarnobio.pt\/blog\/wp-content\/uploads\/2021\/11\/IMG_20210330_163839-1536x1152.jpg 1536w, https:\/\/alexandraarnobio.pt\/blog\/wp-content\/uploads\/2021\/11\/IMG_20210330_163839-2048x1536.jpg 2048w, https:\/\/alexandraarnobio.pt\/blog\/wp-content\/uploads\/2021\/11\/IMG_20210330_163839-320x240.jpg 320w, https:\/\/alexandraarnobio.pt\/blog\/wp-content\/uploads\/2021\/11\/IMG_20210330_163839-640x480.jpg 640w, https:\/\/alexandraarnobio.pt\/blog\/wp-content\/uploads\/2021\/11\/IMG_20210330_163839-360x270.jpg 360w, https:\/\/alexandraarnobio.pt\/blog\/wp-content\/uploads\/2021\/11\/IMG_20210330_163839-720x540.jpg 720w, https:\/\/alexandraarnobio.pt\/blog\/wp-content\/uploads\/2021\/11\/IMG_20210330_163839-1080x810.jpg 1080w, https:\/\/alexandraarnobio.pt\/blog\/wp-content\/uploads\/2021\/11\/IMG_20210330_163839-800x600.jpg 800w, https:\/\/alexandraarnobio.pt\/blog\/wp-content\/uploads\/2021\/11\/IMG_20210330_163839-1280x960.jpg 1280w, https:\/\/alexandraarnobio.pt\/blog\/wp-content\/uploads\/2021\/11\/IMG_20210330_163839-830x623.jpg 830w, https:\/\/alexandraarnobio.pt\/blog\/wp-content\/uploads\/2021\/11\/IMG_20210330_163839-230x173.jpg 230w\" sizes=\"(max-width: 1024px) 100vw, 1024px\" \/><figcaption class=\"blocks-gallery-item__caption\">Porque ser\u00e1 que ningu\u00e9m me consegue ver.<\/figcaption><\/figure><\/li><\/ul><\/figure>\n\n\n\n<p>Este m\u00eas assistimos a mais uma Cimeira do Clima, onde os l\u00edderes que governam o mundo fizeram discursos eloquentes, promessas que dificilmente v\u00e3o cumprir e assinaram acordos, sem perceber que o que tem de fazer \u00e9 j\u00e1, n\u00e3o \u00e9 para amanh\u00e3.<\/p>\n\n\n\n<p>Porque ser\u00e1 que ningu\u00e9m quer olhar para os res\u00edduos como um recurso. Eles v\u00e3o ser a nossa salva\u00e7\u00e3o. Basta analisar a pr\u00f3pria palavra para perceber isso.<\/p>\n\n\n\n<p>Ora pensem comigo, e vamos decompor a palavra res\u00edduo. Vamos procurar na palavra res\u00edduo a solu\u00e7\u00e3o para os nossos problemas e encontrar respostas para o nosso futuro.<\/p>\n\n\n\n<p>R- de Res\u00edduo podemos decompor em v\u00e1rias palavras que nos levam \u00e0 mudan\u00e7a:<\/p>\n\n\n\n<ol><li>Recurso<\/li><li>Reinventar<\/li><li>Reformular<\/li><li>Redesenhar<\/li><li>Repensar<\/li><li>Refazer<\/li><li>Renascer<\/li><li>Recompor<\/li><li>Recusar<\/li><\/ol>\n\n\n\n<p>Quantos mais R podem nascer da palavra res\u00edduo? &#8211; \u00c9 este o desafio que vos lan\u00e7o<\/p>\n\n\n\n<p>Vamos decompor a palavra res\u00edduo para encontrar solu\u00e7\u00f5es para o futuro:<\/p>\n\n\n\n<p>R- Recurso<\/p>\n\n\n\n<p>E- Evoluir<br>S- Social<\/p>\n\n\n\n<p>I- Inventar\/Imagina\u00e7\u00e3o<\/p>\n\n\n\n<p>D- Desenvolver<\/p>\n\n\n\n<p>U- Uni\u00e3o<\/p>\n\n\n\n<p>O- Oportunidade<\/p>\n\n\n\n<p>Passamos a explicar a decomposi\u00e7\u00e3o da palavra res\u00edduo.<\/p>\n\n\n\n<p>R- Recurso- os res\u00edduos devem ser vistos como um recurso a utilizar no futuro de forma a evitar o desperd\u00edcio e diminuir a polui\u00e7\u00e3o.<\/p>\n\n\n\n<p>E &#8211; Evoluir: chegou o momento em que temos de pensar em como vamos evoluir enquanto sociedade, da\u00ed a palavra evoluir \u00e9 muito importante. \u00c9 necess\u00e1rio evoluir para a Era do Ser e deixar cair a Era do Ter.<\/p>\n\n\n\n<p>S &#8211; Social \u00e9 a palavra de ordem no futuro. Socialmente as sociedades precisam de se reorganizar. Nascer de novo e perceber que quando vivemos em comunidade todos somos respons\u00e1veis por todos. A responsabilidade social de como gerimos os res\u00edduos come\u00e7a em cada um de n\u00f3s.<\/p>\n\n\n\n<p>I &#8211; Inventar\/Imagina\u00e7\u00e3o: Inventar imaginando novas formas de olhar para os res\u00edduos, de forma que estes sejam vistos com outros olhos. A humanidade s\u00f3 conseguiu evoluir devido \u00e0 capacidade de imaginar. Est\u00e1 na hora de imaginarmos um mundo mais sustent\u00e1vel e inventar f\u00f3rmulas para que isso seja uma realidade.<\/p>\n\n\n\n<p>D- Desenvolver respostas e processos de produ\u00e7\u00e3o amigos do ambiente. O Upcycling \u00e9 um desses processos. Temos de descobrir outros a favor deste.<\/p>\n\n\n\n<p>U &#8211; Uni\u00e3o &#8211; palavra chave em todo este processo. Se n\u00e3o estivermos unidos e todos alinhados na mesma direc\u00e7\u00e3o ser\u00e1 mais dif\u00edcil existir um equil\u00edbrio entre o ser e o ter. A uni\u00e3o faz a for\u00e7a, se todos percebermos a import\u00e2ncia de estarmos unidos nas quest\u00f5es ambientais, de certeza que as futuras gera\u00e7\u00f5es nos v\u00e3o agradecer.<\/p>\n\n\n\n<p>O- Oportunidade &#8211; Sem d\u00favida que esta \u00e9 a nossa oportunidade de fazer mais e melhor. \u00c9 a nossa oportunidade de aceitarmos os erros do passado e aproveitarmos para os corrigir de&nbsp; v\u00e1rias formas: evoluindo socialmente atrav\u00e9s da nossa capacidade de imaginar inventado, desenvolvendo oportunidades \u00fanicas capazes de olhar para os res\u00edduos como um recurso. S\u00f3 assim o ciclo se fecha sobre si e abrem novas janelas.<\/p>\n\n\n\n<p><strong>RES\u00cdDUO \u00e9 uma janela de oportunidades<\/strong> que parece que ningu\u00e9m quer ver. Est\u00e1 mesmo \u00e0 frente dos nossos olhos, basta ver com olhos de ver.<\/p>\n\n\n\n<p>Neste fim de semana procurem res\u00edduos e com criatividade desafiem a vossa imagina\u00e7\u00e3o.<\/p>\n\n\n\n<p>Boas Transforma\u00e7\u00f5es.<\/p>\n\n\n\n<figure class=\"is-layout-flex wp-block-gallery-3 wp-block-gallery columns-1 is-cropped\"><ul class=\"blocks-gallery-grid\"><li class=\"blocks-gallery-item\"><figure><img decoding=\"async\" loading=\"lazy\" width=\"1024\" height=\"738\" src=\"https:\/\/alexandraarnobio.pt\/blog\/wp-content\/uploads\/2021\/11\/Gira-discos-1024x738.jpg\" alt=\"\" data-id=\"331\" data-full-url=\"https:\/\/alexandraarnobio.pt\/blog\/wp-content\/uploads\/2021\/11\/Gira-discos.jpg\" data-link=\"https:\/\/alexandraarnobio.pt\/blog\/?attachment_id=331\" class=\"wp-image-331\" srcset=\"https:\/\/alexandraarnobio.pt\/blog\/wp-content\/uploads\/2021\/11\/Gira-discos-1024x738.jpg 1024w, https:\/\/alexandraarnobio.pt\/blog\/wp-content\/uploads\/2021\/11\/Gira-discos-300x216.jpg 300w, https:\/\/alexandraarnobio.pt\/blog\/wp-content\/uploads\/2021\/11\/Gira-discos-768x553.jpg 768w, https:\/\/alexandraarnobio.pt\/blog\/wp-content\/uploads\/2021\/11\/Gira-discos-320x231.jpg 320w, https:\/\/alexandraarnobio.pt\/blog\/wp-content\/uploads\/2021\/11\/Gira-discos-640x461.jpg 640w, https:\/\/alexandraarnobio.pt\/blog\/wp-content\/uploads\/2021\/11\/Gira-discos-360x259.jpg 360w, https:\/\/alexandraarnobio.pt\/blog\/wp-content\/uploads\/2021\/11\/Gira-discos-720x519.jpg 720w, https:\/\/alexandraarnobio.pt\/blog\/wp-content\/uploads\/2021\/11\/Gira-discos-800x576.jpg 800w, https:\/\/alexandraarnobio.pt\/blog\/wp-content\/uploads\/2021\/11\/Gira-discos-830x598.jpg 830w, https:\/\/alexandraarnobio.pt\/blog\/wp-content\/uploads\/2021\/11\/Gira-discos-230x166.jpg 230w, https:\/\/alexandraarnobio.pt\/blog\/wp-content\/uploads\/2021\/11\/Gira-discos.jpg 1080w\" sizes=\"(max-width: 1024px) 100vw, 1024px\" \/><figcaption class=\"blocks-gallery-item__caption\">Tanta musica toquei que me iluminei.<\/figcaption><\/figure><\/li><\/ul><\/figure>\n\n\n\n<p><\/p>\n","protected":false},"excerpt":{"rendered":"<p>Este m\u00eas assistimos a mais uma Cimeira do Clima, onde os l\u00edderes que governam o mundo fizeram discursos eloquentes, promessas que dificilmente v\u00e3o cumprir e assinaram acordos, sem perceber que o que tem de fazer \u00e9 j\u00e1, n\u00e3o \u00e9 para amanh\u00e3. Porque ser\u00e1 que ningu\u00e9m quer olhar para os res\u00edduos como um recurso. Eles v\u00e3o &#8230;.&nbsp;&nbsp;<a class=\" default\" href=\"https:\/\/alexandraarnobio.pt\/blog\/2021\/11\/12\/ninguem-me-quer-porque-sera\/\">Read More<\/a><\/p>\n","protected":false},"author":1,"featured_media":0,"comment_status":"open","ping_status":"open","sticky":false,"template":"","format":"standard","meta":[],"categories":[1],"tags":[],"_links":{"self":[{"href":"https:\/\/alexandraarnobio.pt\/blog\/wp-json\/wp\/v2\/posts\/329"}],"collection":[{"href":"https:\/\/alexandraarnobio.pt\/blog\/wp-json\/wp\/v2\/posts"}],"about":[{"href":"https:\/\/alexandraarnobio.pt\/blog\/wp-json\/wp\/v2\/types\/post"}],"author":[{"embeddable":true,"href":"https:\/\/alexandraarnobio.pt\/blog\/wp-json\/wp\/v2\/users\/1"}],"replies":[{"embeddable":true,"href":"https:\/\/alexandraarnobio.pt\/blog\/wp-json\/wp\/v2\/comments?post=329"}],"version-history":[{"count":1,"href":"https:\/\/alexandraarnobio.pt\/blog\/wp-json\/wp\/v2\/posts\/329\/revisions"}],"predecessor-version":[{"id":332,"href":"https:\/\/alexandraarnobio.pt\/blog\/wp-json\/wp\/v2\/posts\/329\/revisions\/332"}],"wp:attachment":[{"href":"https:\/\/alexandraarnobio.pt\/blog\/wp-json\/wp\/v2\/media?parent=329"}],"wp:term":[{"taxonomy":"category","embeddable":true,"href":"https:\/\/alexandraarnobio.pt\/blog\/wp-json\/wp\/v2\/categories?post=329"},{"taxonomy":"post_tag","embeddable":true,"href":"https:\/\/alexandraarnobio.pt\/blog\/wp-json\/wp\/v2\/tags?post=329"}],"curies":[{"name":"wp","href":"https:\/\/api.w.org\/{rel}","templated":true}]}}