{"id":350,"date":"2023-03-01T22:59:02","date_gmt":"2023-03-01T22:59:02","guid":{"rendered":"https:\/\/alexandraarnobio.pt\/blog\/?p=350"},"modified":"2023-03-01T22:59:02","modified_gmt":"2023-03-01T22:59:02","slug":"a-4-a-licao-que-o-upcycling-me-ensinou-juntos-vamos-mais-longe","status":"publish","type":"post","link":"https:\/\/alexandraarnobio.pt\/blog\/2023\/03\/01\/a-4-a-licao-que-o-upcycling-me-ensinou-juntos-vamos-mais-longe\/","title":{"rendered":"A 4.\u00aa Li\u00e7\u00e3o que o Upcycling me ensinou: juntos vamos mais longe."},"content":{"rendered":"\n<p>1 de Mar\u00e7o de 2023, arranque de uma forma\u00e7\u00e3o de 250 horas em restauro de madeiras. \u00c9 desta que fico uma especialista, pois at\u00e9 o nome dos pregos, parafusos e afins vou ter de saber para ensinar.<\/p>\n\n\n\n<p>Atrasada entrei a correr pela sala de forma\u00e7\u00e3o e n\u00e3o sabia o que me esperava, mas como sempre vou sem expetativas e simplesmente sou eu.<\/p>\n\n\n\n<p>Apresenta\u00e7\u00e3o formal do curso por parte do coordenador do centro onde ir\u00e1 decorrer a forma\u00e7\u00e3o, instru\u00e7\u00f5es dadas pelo IEFP e por fim de todas as indica\u00e7\u00f5es dadas, pap\u00e9is assinados e burocracias tratadas, entro eu em a\u00e7\u00e3o.<\/p>\n\n\n\n<p>A pr\u00e1tica faz-nos improvisar e adaptar a quem temos \u00e0 nossa frente e perceber os seus percursos e hist\u00f3rias de vida. Sim, porque apesar de n\u00e3o estarem no ativo s\u00e3o pessoas com experi\u00eancias de vida, muitas delas cansadas do seu percurso, outras revoltadas, outras saturadas por um mercado de trabalho exigente e stressante e que acima de tudo precisam de um empurr\u00e3o para voltar a acreditar na vida.<\/p>\n\n\n\n<p>Tinha 16 hist\u00f3rias de vida diferentes umas com mais cicatrizes do que outras, mas o que mais me despertou a aten\u00e7\u00e3o foi a esperan\u00e7a de mudan\u00e7a que as pessoas depositavam no curso e a vontade de quererem trabalhar com as m\u00e3os. Muito interessante esta vontade de mudan\u00e7a experimentando as manualidades.<\/p>\n\n\n\n<p>Como devem calcular a vontade destas 16 pessoas pareceu t\u00e3o genu\u00edna e t\u00e3o grande que pensei para comigo, o upcycling tem de ser partilhado ao maior n\u00famero de pessoas, as pessoas querem apreender, est\u00e3o com sede de sabedoria de como se usa as m\u00e3os, de como se transforma o velho em novo. \u00c9 este o momento de todos juntos arrega\u00e7armos as magas e trabalhar o futuro,<\/p>\n\n\n\n<p>Andando por este trilho desde 2018, percebi que s\u00f3 conseguimos uma mudan\u00e7a efetiva de paradigma se formos muitos. J\u00e1 diz o povo que a uni\u00e3o faz a for\u00e7a ou que o povo unido jamais ser\u00e1 vencido.<\/p>\n\n\n\n<p>Posso vos confessar que sa\u00ed muito feliz desta apresenta\u00e7\u00e3o, pois n\u00e3o houve vergonha por parte de ningu\u00e9m em expor a sua hist\u00f3ria, inclu\u00eddo eu. Hoje tive mais uma prova do que tenho vindo a sentir com as oficinas de upcycling: quando estamos a trabalhar em alguma transforma\u00e7\u00e3o de uma pe\u00e7a tamb\u00e9m estamos a transformar a nossa alma.<\/p>\n\n\n\n<p>Hoje sinto-me grata por ter escolhido este caminho onde posso tentar ajudar a construir um futuro mais risonho para muitas pessoas. Obrigada!!!<\/p>\n\n\n<div class=\"wp-block-image\">\n<figure class=\"aligncenter size-full\"><img decoding=\"async\" loading=\"lazy\" width=\"721\" height=\"756\" src=\"https:\/\/alexandraarnobio.pt\/blog\/wp-content\/uploads\/2023\/03\/Tela-Futuro.jpg\" alt=\"\" class=\"wp-image-351\" srcset=\"https:\/\/alexandraarnobio.pt\/blog\/wp-content\/uploads\/2023\/03\/Tela-Futuro.jpg 721w, https:\/\/alexandraarnobio.pt\/blog\/wp-content\/uploads\/2023\/03\/Tela-Futuro-286x300.jpg 286w, https:\/\/alexandraarnobio.pt\/blog\/wp-content\/uploads\/2023\/03\/Tela-Futuro-320x336.jpg 320w, https:\/\/alexandraarnobio.pt\/blog\/wp-content\/uploads\/2023\/03\/Tela-Futuro-640x671.jpg 640w, https:\/\/alexandraarnobio.pt\/blog\/wp-content\/uploads\/2023\/03\/Tela-Futuro-360x377.jpg 360w, https:\/\/alexandraarnobio.pt\/blog\/wp-content\/uploads\/2023\/03\/Tela-Futuro-230x241.jpg 230w\" sizes=\"(max-width: 721px) 100vw, 721px\" \/><figcaption class=\"wp-element-caption\">Hoje iniciou-se uma caminhada de 250 . Vamos contar tudo sobre esta caminhada. A tela est\u00e1 em branco mas vai ter muitas est\u00f3rias para vos contar!!!<\/figcaption><\/figure><\/div>","protected":false},"excerpt":{"rendered":"<p>1 de Mar\u00e7o de 2023, arranque de uma forma\u00e7\u00e3o de 250 horas em restauro de madeiras. \u00c9 desta que fico uma especialista, pois at\u00e9 o nome dos pregos, parafusos e afins vou ter de saber para ensinar. Atrasada entrei a correr pela sala de forma\u00e7\u00e3o e n\u00e3o sabia o que me esperava, mas como sempre &#8230;.&nbsp;&nbsp;<a class=\" default\" href=\"https:\/\/alexandraarnobio.pt\/blog\/2023\/03\/01\/a-4-a-licao-que-o-upcycling-me-ensinou-juntos-vamos-mais-longe\/\">Read More<\/a><\/p>\n","protected":false},"author":1,"featured_media":0,"comment_status":"open","ping_status":"open","sticky":false,"template":"","format":"standard","meta":[],"categories":[1],"tags":[],"_links":{"self":[{"href":"https:\/\/alexandraarnobio.pt\/blog\/wp-json\/wp\/v2\/posts\/350"}],"collection":[{"href":"https:\/\/alexandraarnobio.pt\/blog\/wp-json\/wp\/v2\/posts"}],"about":[{"href":"https:\/\/alexandraarnobio.pt\/blog\/wp-json\/wp\/v2\/types\/post"}],"author":[{"embeddable":true,"href":"https:\/\/alexandraarnobio.pt\/blog\/wp-json\/wp\/v2\/users\/1"}],"replies":[{"embeddable":true,"href":"https:\/\/alexandraarnobio.pt\/blog\/wp-json\/wp\/v2\/comments?post=350"}],"version-history":[{"count":1,"href":"https:\/\/alexandraarnobio.pt\/blog\/wp-json\/wp\/v2\/posts\/350\/revisions"}],"predecessor-version":[{"id":352,"href":"https:\/\/alexandraarnobio.pt\/blog\/wp-json\/wp\/v2\/posts\/350\/revisions\/352"}],"wp:attachment":[{"href":"https:\/\/alexandraarnobio.pt\/blog\/wp-json\/wp\/v2\/media?parent=350"}],"wp:term":[{"taxonomy":"category","embeddable":true,"href":"https:\/\/alexandraarnobio.pt\/blog\/wp-json\/wp\/v2\/categories?post=350"},{"taxonomy":"post_tag","embeddable":true,"href":"https:\/\/alexandraarnobio.pt\/blog\/wp-json\/wp\/v2\/tags?post=350"}],"curies":[{"name":"wp","href":"https:\/\/api.w.org\/{rel}","templated":true}]}}